{"id":162978,"date":"2018-07-20T00:00:00","date_gmt":"2018-07-19T22:00:00","guid":{"rendered":"https:\/\/www.rizzi-universe.com\/unkategorisiert\/james-rizzi-the-colors-of-my-city-2\/"},"modified":"2024-04-22T16:27:49","modified_gmt":"2024-04-22T14:27:49","slug":"james-rizzi-the-colors-of-my-city-2","status":"publish","type":"post","link":"https:\/\/www.rizzi-universe.com\/en\/exhibitions\/james-rizzi-the-colors-of-my-city-2\/","title":{"rendered":"James Rizzi &#8211; \u201eThe Colors Of My City\u201c"},"content":{"rendered":"\n        \n        <p>James Rizzi Ausstellung \u2013 das Kunstevent 2018 vom<br \/>\n20. Juli \u2013 2. Sept. 2018 <br \/>\n<br \/>\nEine unvergleichliche Ausstellung mit besonderem Flair zieht in Kornwestheim bei Stuttgart in das Kultur- und Kongresszentrum &#8220;&#8221;Das K&#8221;&#8221; ein.<br \/>\n<br \/>\nWollen Sie bei dem Preview dabei sein?<br \/>\n<br \/>\nDaf\u00fcr gibt es eine begrenzte Anzahl an All-Inclusive-Tickets. Am 19.7.2018 wird der bekannte TV-Moderator Markus Brock (SWR) wie gewohnt souver\u00e4n durch das Abendprogramm f\u00fchren. Neben kulinarischen K\u00f6stlichkeiten erwartet Sie ein famoser Auftritt der Gruppe \u201eVocal Affair\u201c, und Sie sind unter den Ersten, die durch die Ausstellung flanieren d\u00fcrfen.<br \/>\n<br \/>\nLassen Sie sich dieses gro\u00dfe Kunst-Event nicht entgehen und buchen Sie bereits jetzt Online-Tickets in VVK unter www.reservix.de oder www.artmix24.de<br \/>\n<br \/>\nweitere Infos: www.rizzi-kornwestheim.de<\/p>\n        <p>Date: 20.07.2018 &#8211; 02.09.2018<br \/>Location: Stuttgart-Kornwestheim, Das K &#8211; Deutschland\n        \n    ","protected":false},"excerpt":{"rendered":"<p>James Rizzi Ausstellung \u2013 das Kunstevent 2018 vom 20. Juli \u2013 2. Sept. 2018 Eine unvergleichliche Ausstellung mit besonderem Flair zieht in Kornwestheim bei Stuttgart in das Kultur- und Kongresszentrum &#8220;&#8221;Das K&#8221;&#8221; ein. Wollen Sie bei dem Preview dabei sein? Daf\u00fcr gibt es eine begrenzte Anzahl an All-Inclusive-Tickets. Am 19.7.2018 wird der bekannte TV-Moderator Markus [&hellip;]<\/p>\n","protected":false},"author":2,"featured_media":0,"comment_status":"closed","ping_status":"open","sticky":false,"template":"","format":"standard","meta":{"_acf_changed":false,"ngg_post_thumbnail":0,"footnotes":""},"categories":[374],"tags":[440],"acf":[],"_links":{"self":[{"href":"https:\/\/www.rizzi-universe.com\/en\/wp-json\/wp\/v2\/posts\/162978"}],"collection":[{"href":"https:\/\/www.rizzi-universe.com\/en\/wp-json\/wp\/v2\/posts"}],"about":[{"href":"https:\/\/www.rizzi-universe.com\/en\/wp-json\/wp\/v2\/types\/post"}],"author":[{"embeddable":true,"href":"https:\/\/www.rizzi-universe.com\/en\/wp-json\/wp\/v2\/users\/2"}],"replies":[{"embeddable":true,"href":"https:\/\/www.rizzi-universe.com\/en\/wp-json\/wp\/v2\/comments?post=162978"}],"version-history":[{"count":1,"href":"https:\/\/www.rizzi-universe.com\/en\/wp-json\/wp\/v2\/posts\/162978\/revisions"}],"predecessor-version":[{"id":163101,"href":"https:\/\/www.rizzi-universe.com\/en\/wp-json\/wp\/v2\/posts\/162978\/revisions\/163101"}],"wp:attachment":[{"href":"https:\/\/www.rizzi-universe.com\/en\/wp-json\/wp\/v2\/media?parent=162978"}],"wp:term":[{"taxonomy":"category","embeddable":true,"href":"https:\/\/www.rizzi-universe.com\/en\/wp-json\/wp\/v2\/categories?post=162978"},{"taxonomy":"post_tag","embeddable":true,"href":"https:\/\/www.rizzi-universe.com\/en\/wp-json\/wp\/v2\/tags?post=162978"}],"curies":[{"name":"wp","href":"https:\/\/api.w.org\/{rel}","templated":true}]}}