{"id":163022,"date":"2020-08-15T00:00:00","date_gmt":"2020-08-14T22:00:00","guid":{"rendered":"https:\/\/www.rizzi-universe.com\/unkategorisiert\/james-rizzi-ein-leben-fuer-die-kunst-4\/"},"modified":"2024-04-22T16:27:51","modified_gmt":"2024-04-22T14:27:51","slug":"james-rizzi-ein-leben-fuer-die-kunst-4","status":"publish","type":"post","link":"https:\/\/www.rizzi-universe.com\/en\/exhibitions\/james-rizzi-ein-leben-fuer-die-kunst-4\/","title":{"rendered":"James Rizzi &#8211; Ein Leben f\u00fcr die Kunst"},"content":{"rendered":"\n        \n        <p><B>\u201eJAMES RIZZI \u2013 Ein Leben f\u00fcr die Kunst\u201c <\/B> bietet Einblicke in das Leben eines K\u00fcnstlers, der weltweit f\u00fcr eine bunte und detailreiche Formensprache bekannt und beliebt ist. Neben Unikaten und seinen ber\u00fchmten 3D-Grafiken werden auch jene Objekte gezeigt, die James Rizzis allumfassenden k\u00fcnstlerischen Kosmos bezeugen.<br \/>\n<br \/>\nDie Ausstellung, die sich aus mehreren Themenschwerpunkten zusammensetzt (u.a.Rizzi Loft, Retrospektive, Kids\u2018 Artline, Olympic Wall, 18 Meter gro\u00dfes Kunstwerk nach Entw\u00fcrfen von James Rizzi, Original-Drucker\u00acpresse, etc.) ist t\u00e4glich ab dem 15. August 2020 ge\u00f6ffnet. Als kleinen Vorgeschmack k\u00f6nnen die Balinger bereits vor Ausstellungser\u00f6ffnung auf zwei fast vier Meter hohe und 3,8 Tonnen schwere Elemente der Berliner Mauer bewundern, welche James Rizzi 2010 gestaltete.<br \/>\n<br \/>\nAnkn\u00fcpfend an die gro\u00dfen Einzelschauen von Ernst Ludwig Kirchner, J\u00f6rg Immendorff und A. R. Penck widmet sich die Stadthalle Balingen mit der Ausstellung \u201eJames Rizzi \u2013 ein Leben f\u00fcr die Kunst\u201c nun dem umfassenden Werk des New Yorker Pop Art K\u00fcnstlers James Rizzi. Auf \u00fcber 700 qm pr\u00e4sentiert die Ausstellung eine chronologisch angeordnete Retrospektive mit rund 600 Kunstwerken und Objekten aus \u00fcber vier Jahrzehnten. Die Ausstellung wirft mit ihrer Vielseitigkeit einen intensiven Blick auf die k\u00fcnstlerische Entwicklung James Rizzis und seiner Verschmelzung mit der Kunst.&#8221;<\/p>\n        <p>Date: 15.08.2020 &#8211; 04.10.2020<br \/>Location: Balingen &#8211; Deutschland\n        \n    ","protected":false},"excerpt":{"rendered":"<p>\u201eJAMES RIZZI \u2013 Ein Leben f\u00fcr die Kunst\u201c bietet Einblicke in das Leben eines K\u00fcnstlers, der weltweit f\u00fcr eine bunte und detailreiche Formensprache bekannt und beliebt ist. Neben Unikaten und seinen ber\u00fchmten 3D-Grafiken werden auch jene Objekte gezeigt, die James Rizzis allumfassenden k\u00fcnstlerischen Kosmos bezeugen. Die Ausstellung, die sich aus mehreren Themenschwerpunkten zusammensetzt (u.a.Rizzi Loft, [&hellip;]<\/p>\n","protected":false},"author":2,"featured_media":0,"comment_status":"closed","ping_status":"open","sticky":false,"template":"","format":"standard","meta":{"_acf_changed":false,"ngg_post_thumbnail":0,"footnotes":""},"categories":[374],"tags":[451],"acf":[],"_links":{"self":[{"href":"https:\/\/www.rizzi-universe.com\/en\/wp-json\/wp\/v2\/posts\/163022"}],"collection":[{"href":"https:\/\/www.rizzi-universe.com\/en\/wp-json\/wp\/v2\/posts"}],"about":[{"href":"https:\/\/www.rizzi-universe.com\/en\/wp-json\/wp\/v2\/types\/post"}],"author":[{"embeddable":true,"href":"https:\/\/www.rizzi-universe.com\/en\/wp-json\/wp\/v2\/users\/2"}],"replies":[{"embeddable":true,"href":"https:\/\/www.rizzi-universe.com\/en\/wp-json\/wp\/v2\/comments?post=163022"}],"version-history":[{"count":1,"href":"https:\/\/www.rizzi-universe.com\/en\/wp-json\/wp\/v2\/posts\/163022\/revisions"}],"predecessor-version":[{"id":163123,"href":"https:\/\/www.rizzi-universe.com\/en\/wp-json\/wp\/v2\/posts\/163022\/revisions\/163123"}],"wp:attachment":[{"href":"https:\/\/www.rizzi-universe.com\/en\/wp-json\/wp\/v2\/media?parent=163022"}],"wp:term":[{"taxonomy":"category","embeddable":true,"href":"https:\/\/www.rizzi-universe.com\/en\/wp-json\/wp\/v2\/categories?post=163022"},{"taxonomy":"post_tag","embeddable":true,"href":"https:\/\/www.rizzi-universe.com\/en\/wp-json\/wp\/v2\/tags?post=163022"}],"curies":[{"name":"wp","href":"https:\/\/api.w.org\/{rel}","templated":true}]}}